{"id":991,"date":"2017-03-23T22:19:52","date_gmt":"2017-03-23T21:19:52","guid":{"rendered":"http:\/\/www.espacedanseboissy.fr\/blog\/?p=991"},"modified":"2017-03-23T22:19:52","modified_gmt":"2017-03-23T21:19:52","slug":"mini-bal-du-lundi-28-mars-2017","status":"publish","type":"post","link":"https:\/\/www.espacedanseboissy.fr\/blog\/?p=991","title":{"rendered":"Mini bal du lundi 28 mars 2017"},"content":{"rendered":"<p>N&rsquo;oubliez pas &#8230;. Lundi prochain aura lieu le mini- bal. d\u00e9guis\u00e9s ou pas nous vous attendons. Th\u00e8me : le printemps.<\/p>\n<p><a href=\"http:\/\/www.espacedanseboissy.fr\/blog\/wp-content\/uploads\/2017\/03\/Playlist-du-28-mars-2017.bmp\"><img class=\"alignnone size-medium wp-image-992\" alt=\"Playlist du 28 mars 2017\" src=\"http:\/\/www.espacedanseboissy.fr\/blog\/wp-content\/uploads\/2017\/03\/Playlist-du-28-mars-2017.bmp\" \/><\/a><\/p>\n","protected":false},"excerpt":{"rendered":"<p>N&rsquo;oubliez pas &#8230;. Lundi prochain aura lieu le mini- bal. d\u00e9guis\u00e9s ou pas nous vous attendons. Th\u00e8me : le printemps.<\/p>\n","protected":false},"author":3,"featured_media":0,"comment_status":"open","ping_status":"open","sticky":false,"template":"","format":"standard","meta":[],"categories":[1],"tags":[],"_links":{"self":[{"href":"https:\/\/www.espacedanseboissy.fr\/blog\/index.php?rest_route=\/wp\/v2\/posts\/991"}],"collection":[{"href":"https:\/\/www.espacedanseboissy.fr\/blog\/index.php?rest_route=\/wp\/v2\/posts"}],"about":[{"href":"https:\/\/www.espacedanseboissy.fr\/blog\/index.php?rest_route=\/wp\/v2\/types\/post"}],"author":[{"embeddable":true,"href":"https:\/\/www.espacedanseboissy.fr\/blog\/index.php?rest_route=\/wp\/v2\/users\/3"}],"replies":[{"embeddable":true,"href":"https:\/\/www.espacedanseboissy.fr\/blog\/index.php?rest_route=%2Fwp%2Fv2%2Fcomments&post=991"}],"version-history":[{"count":1,"href":"https:\/\/www.espacedanseboissy.fr\/blog\/index.php?rest_route=\/wp\/v2\/posts\/991\/revisions"}],"predecessor-version":[{"id":993,"href":"https:\/\/www.espacedanseboissy.fr\/blog\/index.php?rest_route=\/wp\/v2\/posts\/991\/revisions\/993"}],"wp:attachment":[{"href":"https:\/\/www.espacedanseboissy.fr\/blog\/index.php?rest_route=%2Fwp%2Fv2%2Fmedia&parent=991"}],"wp:term":[{"taxonomy":"category","embeddable":true,"href":"https:\/\/www.espacedanseboissy.fr\/blog\/index.php?rest_route=%2Fwp%2Fv2%2Fcategories&post=991"},{"taxonomy":"post_tag","embeddable":true,"href":"https:\/\/www.espacedanseboissy.fr\/blog\/index.php?rest_route=%2Fwp%2Fv2%2Ftags&post=991"}],"curies":[{"name":"wp","href":"https:\/\/api.w.org\/{rel}","templated":true}]}}