{"id":89,"date":"2013-04-16T16:29:42","date_gmt":"2013-04-16T15:29:42","guid":{"rendered":"http:\/\/www.espacedanseboissy.fr\/blog\/?p=89"},"modified":"2013-06-06T16:30:21","modified_gmt":"2013-06-06T15:30:21","slug":"voyage-pour-louest-americain","status":"publish","type":"post","link":"https:\/\/www.espacedanseboissy.fr\/blog\/?p=89","title":{"rendered":"Voyage pour L&rsquo;Ouest Am\u00e9ricain"},"content":{"rendered":"<div id=\"text\">\n<div id=\"text\">\n<p>Nous vous proposons un voyage via les Etats Unis \u00e0 travers le mythique Ouest Am\u00e9ricain.<\/p>\n<p>Le voyage se d\u00e9roulera au cours de la saison 2013-2014. Probablement en 2014. La date n&rsquo;est pas encore d\u00e9finitivement fix\u00e9e, mais le voyage se fera hors saison scolaire.<\/p>\n<p>Pour s&rsquo;assurer d&rsquo;un prix raisonnable, nous devons \u00eatre 45. En dessous, le voyage pourra s&rsquo;effectuer mais \u00e0 un prix plus \u00e9lev\u00e9. Vous pouvez et nous vous le conseillons venir avec des amis. Il n&rsquo;est pas exclusivement r\u00e9serv\u00e9 aux membres de l&rsquo;association. Nous en reparlerons lors de l&rsquo;assembl\u00e9e g\u00e9n\u00e9rale qui se tiendra le 17 avril de 20H \u00e0 22h30 dans la salle de la ferme \u00e0 Boissy Saint l\u00e9ger.<\/p>\n<p>Le paiement se fera en douceur, \u00e9chelonn\u00e9 sur l&rsquo;ann\u00e9e mais devra \u00eatre r\u00e9gl\u00e9 avant le d\u00e9part sous peine d&rsquo;annulation.<\/p>\n<p>Dans les prochains news, nous vous donnerons plus de pr\u00e9cisions ainsi qu&rsquo;une feuille d&rsquo;inscription;&lt;<\/p>\n<p>Nous vous esp\u00e9rons assez nombreux pour pouvoir r\u00e9aliser le voyage;<\/p>\n<\/div>\n<div id=\"news_foot\">Fichier joint:\u00a0<a href=\"http:\/\/www.espacedanseboissy.fr\/upload\/OUEST%20AMERICAIN.pdf\">upload\/OUEST AMERICAIN.pdf<\/a>.<\/div>\n<\/div>\n","protected":false},"excerpt":{"rendered":"<p>Nous vous proposons un voyage via les Etats Unis \u00e0 travers le mythique Ouest Am\u00e9ricain. Le voyage se d\u00e9roulera au cours de la saison 2013-2014. Probablement en 2014. La date n&rsquo;est pas encore d\u00e9finitivement fix\u00e9e, mais le voyage se fera<span class=\"ellipsis\">&hellip;<\/span><\/p>\n<div class=\"read-more\"><a href=\"https:\/\/www.espacedanseboissy.fr\/blog\/?p=89\">Lire la suite &#8250;<\/a><\/div>\n<p><!-- end of .read-more --><\/p>\n","protected":false},"author":1,"featured_media":0,"comment_status":"open","ping_status":"open","sticky":false,"template":"","format":"standard","meta":[],"categories":[1],"tags":[],"_links":{"self":[{"href":"https:\/\/www.espacedanseboissy.fr\/blog\/index.php?rest_route=\/wp\/v2\/posts\/89"}],"collection":[{"href":"https:\/\/www.espacedanseboissy.fr\/blog\/index.php?rest_route=\/wp\/v2\/posts"}],"about":[{"href":"https:\/\/www.espacedanseboissy.fr\/blog\/index.php?rest_route=\/wp\/v2\/types\/post"}],"author":[{"embeddable":true,"href":"https:\/\/www.espacedanseboissy.fr\/blog\/index.php?rest_route=\/wp\/v2\/users\/1"}],"replies":[{"embeddable":true,"href":"https:\/\/www.espacedanseboissy.fr\/blog\/index.php?rest_route=%2Fwp%2Fv2%2Fcomments&post=89"}],"version-history":[{"count":1,"href":"https:\/\/www.espacedanseboissy.fr\/blog\/index.php?rest_route=\/wp\/v2\/posts\/89\/revisions"}],"predecessor-version":[{"id":90,"href":"https:\/\/www.espacedanseboissy.fr\/blog\/index.php?rest_route=\/wp\/v2\/posts\/89\/revisions\/90"}],"wp:attachment":[{"href":"https:\/\/www.espacedanseboissy.fr\/blog\/index.php?rest_route=%2Fwp%2Fv2%2Fmedia&parent=89"}],"wp:term":[{"taxonomy":"category","embeddable":true,"href":"https:\/\/www.espacedanseboissy.fr\/blog\/index.php?rest_route=%2Fwp%2Fv2%2Fcategories&post=89"},{"taxonomy":"post_tag","embeddable":true,"href":"https:\/\/www.espacedanseboissy.fr\/blog\/index.php?rest_route=%2Fwp%2Fv2%2Ftags&post=89"}],"curies":[{"name":"wp","href":"https:\/\/api.w.org\/{rel}","templated":true}]}}