{"id":2075,"date":"2023-09-13T17:26:55","date_gmt":"2023-09-13T16:26:55","guid":{"rendered":"http:\/\/www.espacedanseboissy.fr\/blog\/?p=2075"},"modified":"2023-09-13T17:26:55","modified_gmt":"2023-09-13T16:26:55","slug":"cours-du-lundi-11-septembre-2023","status":"publish","type":"post","link":"https:\/\/www.espacedanseboissy.fr\/blog\/?p=2075","title":{"rendered":"Cours du lundi 11 septembre 2023"},"content":{"rendered":"\n<div class=\"wp-block-file\"><a id=\"wp-block-file--media-8d4e99ae-1a6e-4fcf-9c0e-280273bbe751\" href=\"http:\/\/www.espacedanseboissy.fr\/blog\/wp-content\/uploads\/2023\/09\/bullfrog-on-a-log.pdf\">bullfrog-on-a-log<\/a><a href=\"http:\/\/www.espacedanseboissy.fr\/blog\/wp-content\/uploads\/2023\/09\/bullfrog-on-a-log.pdf\" class=\"wp-block-file__button\" download aria-describedby=\"wp-block-file--media-8d4e99ae-1a6e-4fcf-9c0e-280273bbe751\">T\u00e9l\u00e9charger<\/a><\/div>\n\n\n\n<div class=\"wp-block-file\"><a id=\"wp-block-file--media-73bd3ce1-812d-4209-871e-25c21f6c6257\" href=\"http:\/\/www.espacedanseboissy.fr\/blog\/wp-content\/uploads\/2023\/09\/REUNITED-.pdf\">REUNITED-<\/a><a href=\"http:\/\/www.espacedanseboissy.fr\/blog\/wp-content\/uploads\/2023\/09\/REUNITED-.pdf\" class=\"wp-block-file__button\" download aria-describedby=\"wp-block-file--media-73bd3ce1-812d-4209-871e-25c21f6c6257\">T\u00e9l\u00e9charger<\/a><\/div>\n\n\n\n<div class=\"wp-block-file\"><a id=\"wp-block-file--media-aa62c589-1b65-40cb-bac1-61e87822dd28\" href=\"http:\/\/www.espacedanseboissy.fr\/blog\/wp-content\/uploads\/2023\/09\/bad-things.pdf\">bad-things<\/a><a href=\"http:\/\/www.espacedanseboissy.fr\/blog\/wp-content\/uploads\/2023\/09\/bad-things.pdf\" class=\"wp-block-file__button\" download aria-describedby=\"wp-block-file--media-aa62c589-1b65-40cb-bac1-61e87822dd28\">T\u00e9l\u00e9charger<\/a><\/div>\n\n\n\n<div class=\"wp-block-file\"><a id=\"wp-block-file--media-a386d6d4-a8a0-4784-ad65-d20f3099c3ba\" href=\"http:\/\/www.espacedanseboissy.fr\/blog\/wp-content\/uploads\/2023\/09\/Day-of-the-dead@MG.pdf\">Day-of-the-dead@MG<\/a><a href=\"http:\/\/www.espacedanseboissy.fr\/blog\/wp-content\/uploads\/2023\/09\/Day-of-the-dead@MG.pdf\" class=\"wp-block-file__button\" download aria-describedby=\"wp-block-file--media-a386d6d4-a8a0-4784-ad65-d20f3099c3ba\">T\u00e9l\u00e9charger<\/a><\/div>\n\n\n\n<p><strong>19h00 <\/strong><br>Pr\u00e9sentation de la danse Country et des professeurs<\/p>\n\n\n\n<p><strong>19h30 <\/strong><br>Bullfrog On A Log, chor\u00e9graphie de Cef Delaney, musique : Got A Feeling &#8211; Tim Hicks Feat Blackjack Billy<br><br><strong>20h00<\/strong><br>Reunited, chor\u00e9graphie de Niels Poulsen, un tag \u00e0 la fin du 2eme mur<br>musique : Undivided &#8211; Tim Mc Graw &amp; Tyler Hubbard\u00a0 (s\u00e9rie TV 2021 -1883- convoi d\u2019 immigrants pour un long et p\u00e9rilleux Voyage vers l\u2019ouest am\u00e9ricain en qu\u00eate d\u2019une vie meilleure, cr\u00e9er par Taylor Sheridan avec Tim Mc Grau, Sam Elliott, Faith Hill, Isabel May)<br><br><strong>20h30 <\/strong><br>Bad Things, chor\u00e9graphie de Bill Goodlad, musique : bad things &#8211; Jace Everett<br><br><strong>21h00<\/strong> <br>Day Of The Dead, chor\u00e9graphie de Dan Albro, musique : Day Of The Dead par Wade Bowen, Easy tag &amp; Restart au mur <\/p>\n","protected":false},"excerpt":{"rendered":"<p>19h00 Pr\u00e9sentation de la danse Country et des professeurs 19h30 Bullfrog On A Log, chor\u00e9graphie de Cef Delaney, musique : Got A Feeling &#8211; Tim Hicks Feat Blackjack Billy 20h00Reunited, chor\u00e9graphie de Niels Poulsen, un tag \u00e0 la fin du<span class=\"ellipsis\">&hellip;<\/span><\/p>\n<div class=\"read-more\"><a href=\"https:\/\/www.espacedanseboissy.fr\/blog\/?p=2075\">Lire la suite &#8250;<\/a><\/div>\n<p><!-- end of .read-more --><\/p>\n","protected":false},"author":3,"featured_media":0,"comment_status":"open","ping_status":"open","sticky":false,"template":"","format":"standard","meta":[],"categories":[1],"tags":[],"_links":{"self":[{"href":"https:\/\/www.espacedanseboissy.fr\/blog\/index.php?rest_route=\/wp\/v2\/posts\/2075"}],"collection":[{"href":"https:\/\/www.espacedanseboissy.fr\/blog\/index.php?rest_route=\/wp\/v2\/posts"}],"about":[{"href":"https:\/\/www.espacedanseboissy.fr\/blog\/index.php?rest_route=\/wp\/v2\/types\/post"}],"author":[{"embeddable":true,"href":"https:\/\/www.espacedanseboissy.fr\/blog\/index.php?rest_route=\/wp\/v2\/users\/3"}],"replies":[{"embeddable":true,"href":"https:\/\/www.espacedanseboissy.fr\/blog\/index.php?rest_route=%2Fwp%2Fv2%2Fcomments&post=2075"}],"version-history":[{"count":1,"href":"https:\/\/www.espacedanseboissy.fr\/blog\/index.php?rest_route=\/wp\/v2\/posts\/2075\/revisions"}],"predecessor-version":[{"id":2076,"href":"https:\/\/www.espacedanseboissy.fr\/blog\/index.php?rest_route=\/wp\/v2\/posts\/2075\/revisions\/2076"}],"wp:attachment":[{"href":"https:\/\/www.espacedanseboissy.fr\/blog\/index.php?rest_route=%2Fwp%2Fv2%2Fmedia&parent=2075"}],"wp:term":[{"taxonomy":"category","embeddable":true,"href":"https:\/\/www.espacedanseboissy.fr\/blog\/index.php?rest_route=%2Fwp%2Fv2%2Fcategories&post=2075"},{"taxonomy":"post_tag","embeddable":true,"href":"https:\/\/www.espacedanseboissy.fr\/blog\/index.php?rest_route=%2Fwp%2Fv2%2Ftags&post=2075"}],"curies":[{"name":"wp","href":"https:\/\/api.w.org\/{rel}","templated":true}]}}