{"id":2026,"date":"2023-04-06T17:52:40","date_gmt":"2023-04-06T16:52:40","guid":{"rendered":"http:\/\/www.espacedanseboissy.fr\/blog\/?p=2026"},"modified":"2023-04-06T17:52:41","modified_gmt":"2023-04-06T16:52:41","slug":"information-5","status":"publish","type":"post","link":"https:\/\/www.espacedanseboissy.fr\/blog\/?p=2026","title":{"rendered":"Information"},"content":{"rendered":"\n<p>Voici ce que la mairie nous a annonc\u00e9 :<\/p>\n\n\n\n<p>En raison d&rsquo;un \u00e9v\u00e9nements municipal et interserices qui auront lieu les 17 et 18 avril 2023, les salles du <br>centre a\u00e9r\u00e9 ne seront pas disponibles ces jpuirs l\u00e0 &amp; cause du mat\u00e9reil qui sera entrepos\u00e9.<br>Donc pas de cours le 17 avril et nous nous reverrons \u00e0 la rentr\u00e9e.<\/p>\n\n\n\n<p>Bonnes vacances \u00e0 tous et toutes<\/p>\n\n\n\n<p>Le Bureau<\/p>\n\n\n\n<figure class=\"wp-block-table\"><table><tbody><tr><td>\u00abEnrerement suivant\u00bb \u00abPr\u00e9nom\u00bb \u00abNom\u00bb<\/td><td>\u00abPORTABLE\u00bb<\/td><td>\u00abtel\u00bb<\/td><\/tr><\/tbody><\/table><\/figure>\n","protected":false},"excerpt":{"rendered":"<p>Voici ce que la mairie nous a annonc\u00e9 : En raison d&rsquo;un \u00e9v\u00e9nements municipal et interserices qui auront lieu les 17 et 18 avril 2023, les salles du centre a\u00e9r\u00e9 ne seront pas disponibles ces jpuirs l\u00e0 &amp; cause du<span class=\"ellipsis\">&hellip;<\/span><\/p>\n<div class=\"read-more\"><a href=\"https:\/\/www.espacedanseboissy.fr\/blog\/?p=2026\">Lire la suite &#8250;<\/a><\/div>\n<p><!-- end of .read-more --><\/p>\n","protected":false},"author":3,"featured_media":0,"comment_status":"open","ping_status":"open","sticky":false,"template":"","format":"standard","meta":[],"categories":[1],"tags":[],"_links":{"self":[{"href":"https:\/\/www.espacedanseboissy.fr\/blog\/index.php?rest_route=\/wp\/v2\/posts\/2026"}],"collection":[{"href":"https:\/\/www.espacedanseboissy.fr\/blog\/index.php?rest_route=\/wp\/v2\/posts"}],"about":[{"href":"https:\/\/www.espacedanseboissy.fr\/blog\/index.php?rest_route=\/wp\/v2\/types\/post"}],"author":[{"embeddable":true,"href":"https:\/\/www.espacedanseboissy.fr\/blog\/index.php?rest_route=\/wp\/v2\/users\/3"}],"replies":[{"embeddable":true,"href":"https:\/\/www.espacedanseboissy.fr\/blog\/index.php?rest_route=%2Fwp%2Fv2%2Fcomments&post=2026"}],"version-history":[{"count":1,"href":"https:\/\/www.espacedanseboissy.fr\/blog\/index.php?rest_route=\/wp\/v2\/posts\/2026\/revisions"}],"predecessor-version":[{"id":2028,"href":"https:\/\/www.espacedanseboissy.fr\/blog\/index.php?rest_route=\/wp\/v2\/posts\/2026\/revisions\/2028"}],"wp:attachment":[{"href":"https:\/\/www.espacedanseboissy.fr\/blog\/index.php?rest_route=%2Fwp%2Fv2%2Fmedia&parent=2026"}],"wp:term":[{"taxonomy":"category","embeddable":true,"href":"https:\/\/www.espacedanseboissy.fr\/blog\/index.php?rest_route=%2Fwp%2Fv2%2Fcategories&post=2026"},{"taxonomy":"post_tag","embeddable":true,"href":"https:\/\/www.espacedanseboissy.fr\/blog\/index.php?rest_route=%2Fwp%2Fv2%2Ftags&post=2026"}],"curies":[{"name":"wp","href":"https:\/\/api.w.org\/{rel}","templated":true}]}}