{"id":2013,"date":"2023-03-29T15:19:37","date_gmt":"2023-03-29T14:19:37","guid":{"rendered":"http:\/\/www.espacedanseboissy.fr\/blog\/?p=2013"},"modified":"2023-03-29T15:19:38","modified_gmt":"2023-03-29T14:19:38","slug":"cours-du-lundi-27-mars-2023","status":"publish","type":"post","link":"https:\/\/www.espacedanseboissy.fr\/blog\/?p=2013","title":{"rendered":"Cours du  lundi 27 mars 2023"},"content":{"rendered":"\n<div class=\"wp-block-file\"><a id=\"wp-block-file--media-304f0080-9c88-4066-8967-99ca6c73d834\" href=\"http:\/\/www.espacedanseboissy.fr\/blog\/wp-content\/uploads\/2023\/03\/mishnock-slide-1.pdf\">mishnock-slide (1)<\/a><a href=\"http:\/\/www.espacedanseboissy.fr\/blog\/wp-content\/uploads\/2023\/03\/mishnock-slide-1.pdf\" class=\"wp-block-file__button\" download aria-describedby=\"wp-block-file--media-304f0080-9c88-4066-8967-99ca6c73d834\">T\u00e9l\u00e9charger<\/a><\/div>\n\n\n\n<div class=\"wp-block-file\"><a id=\"wp-block-file--media-6dfcb316-cedf-4b9b-af2b-e77690eb2181\" href=\"http:\/\/www.espacedanseboissy.fr\/blog\/wp-content\/uploads\/2023\/03\/in-the-valley-1.pdf\">in-the-valley (1)<\/a><a href=\"http:\/\/www.espacedanseboissy.fr\/blog\/wp-content\/uploads\/2023\/03\/in-the-valley-1.pdf\" class=\"wp-block-file__button\" download aria-describedby=\"wp-block-file--media-6dfcb316-cedf-4b9b-af2b-e77690eb2181\">T\u00e9l\u00e9charger<\/a><\/div>\n\n\n\n<div class=\"wp-block-file\"><a id=\"wp-block-file--media-f6110200-e7c6-43b2-a649-7dde0768f3af\" href=\"http:\/\/www.espacedanseboissy.fr\/blog\/wp-content\/uploads\/2023\/03\/DANCING_AROUND_IT.pdf\">DANCING_AROUND_IT<\/a><a href=\"http:\/\/www.espacedanseboissy.fr\/blog\/wp-content\/uploads\/2023\/03\/DANCING_AROUND_IT.pdf\" class=\"wp-block-file__button\" download aria-describedby=\"wp-block-file--media-f6110200-e7c6-43b2-a649-7dde0768f3af\">T\u00e9l\u00e9charger<\/a><\/div>\n\n\n\n<div class=\"wp-block-file\"><a id=\"wp-block-file--media-deeebeb3-5be4-4fa3-8046-1c3b2cffe8f4\" href=\"http:\/\/www.espacedanseboissy.fr\/blog\/wp-content\/uploads\/2023\/03\/texas_echo_en_Fr.pdf\">__texas_echo_en_Fr<\/a><a href=\"http:\/\/www.espacedanseboissy.fr\/blog\/wp-content\/uploads\/2023\/03\/texas_echo_en_Fr.pdf\" class=\"wp-block-file__button\" download aria-describedby=\"wp-block-file--media-deeebeb3-5be4-4fa3-8046-1c3b2cffe8f4\">T\u00e9l\u00e9charger<\/a><\/div>\n\n\n\n<p><strong>19h00<\/strong><br>Mishnock Slide , chor\u00e9graphie de Dan Albro &amp; Addison Albro, musique : Soldier de High<br>Valley (Mishnock Barn)<br>These Old Boots (R\u00e9vision)<br>Cumbia Semana (R\u00e9vision)<br>Crash And Burn (R\u00e9vision)<br><br><strong>19h30<\/strong><br>Won\u2019t You Dance With Me (R\u00e9vision)<br>AB Working 9 To 5 (R\u00e9vision)<br>Whiskey Bridges (R\u00e9vision )<br>Come Dance With Me (R\u00e9vision)<br><br><strong>20h00<\/strong><br>Salt, Lime &amp; Tequila (R\u00e9vision)<br>Texas Echo, chor\u00e9graphie de Rob Fowler (UK), musique : Texas Echo par David Ball<br><br><strong>20h30<\/strong><br>In The Valley, chor\u00e9graphie de Ivonne Verhagen (NL), musique : Down In The Valley par Little Texas<br><br><strong>21h00<\/strong><br>Dancing Around It, chor\u00e9graphie de Dan Albro (USA), musique : Dancing Around It par Charles Kelley<br>Kitchen Dance Floor<\/p>\n","protected":false},"excerpt":{"rendered":"<p>19h00Mishnock Slide , chor\u00e9graphie de Dan Albro &amp; Addison Albro, musique : Soldier de HighValley (Mishnock Barn)These Old Boots (R\u00e9vision)Cumbia Semana (R\u00e9vision)Crash And Burn (R\u00e9vision) 19h30Won\u2019t You Dance With Me (R\u00e9vision)AB Working 9 To 5 (R\u00e9vision)Whiskey Bridges (R\u00e9vision )Come Dance<span class=\"ellipsis\">&hellip;<\/span><\/p>\n<div class=\"read-more\"><a href=\"https:\/\/www.espacedanseboissy.fr\/blog\/?p=2013\">Lire la suite &#8250;<\/a><\/div>\n<p><!-- end of .read-more --><\/p>\n","protected":false},"author":3,"featured_media":0,"comment_status":"open","ping_status":"open","sticky":false,"template":"","format":"standard","meta":[],"categories":[1],"tags":[],"_links":{"self":[{"href":"https:\/\/www.espacedanseboissy.fr\/blog\/index.php?rest_route=\/wp\/v2\/posts\/2013"}],"collection":[{"href":"https:\/\/www.espacedanseboissy.fr\/blog\/index.php?rest_route=\/wp\/v2\/posts"}],"about":[{"href":"https:\/\/www.espacedanseboissy.fr\/blog\/index.php?rest_route=\/wp\/v2\/types\/post"}],"author":[{"embeddable":true,"href":"https:\/\/www.espacedanseboissy.fr\/blog\/index.php?rest_route=\/wp\/v2\/users\/3"}],"replies":[{"embeddable":true,"href":"https:\/\/www.espacedanseboissy.fr\/blog\/index.php?rest_route=%2Fwp%2Fv2%2Fcomments&post=2013"}],"version-history":[{"count":1,"href":"https:\/\/www.espacedanseboissy.fr\/blog\/index.php?rest_route=\/wp\/v2\/posts\/2013\/revisions"}],"predecessor-version":[{"id":2014,"href":"https:\/\/www.espacedanseboissy.fr\/blog\/index.php?rest_route=\/wp\/v2\/posts\/2013\/revisions\/2014"}],"wp:attachment":[{"href":"https:\/\/www.espacedanseboissy.fr\/blog\/index.php?rest_route=%2Fwp%2Fv2%2Fmedia&parent=2013"}],"wp:term":[{"taxonomy":"category","embeddable":true,"href":"https:\/\/www.espacedanseboissy.fr\/blog\/index.php?rest_route=%2Fwp%2Fv2%2Fcategories&post=2013"},{"taxonomy":"post_tag","embeddable":true,"href":"https:\/\/www.espacedanseboissy.fr\/blog\/index.php?rest_route=%2Fwp%2Fv2%2Ftags&post=2013"}],"curies":[{"name":"wp","href":"https:\/\/api.w.org\/{rel}","templated":true}]}}