{"id":1519,"date":"2020-01-28T20:13:58","date_gmt":"2020-01-28T19:13:58","guid":{"rendered":"http:\/\/www.espacedanseboissy.fr\/blog\/?p=1519"},"modified":"2020-01-28T20:13:58","modified_gmt":"2020-01-28T19:13:58","slug":"cours-du-27-janvier-2020","status":"publish","type":"post","link":"https:\/\/www.espacedanseboissy.fr\/blog\/?p=1519","title":{"rendered":"Cours du 27 janvier 2020"},"content":{"rendered":"\n<p><em>Le mini bal du des vacances de f\u00e9vrier aura lieu Lundi prochain le 3 f\u00e9vrier 2020.<br>Le th\u00e8me est : mardi gras. Avec ou sans d\u00e9guisement venez passer une agr\u00e9able soir\u00e9e ensembles.<br><br>19:00<\/em> <br>Half A Cha<br>Twist &amp; Shake<br>Girl Of The Summer<br>Little Sofia<br><br><strong><em>19:30<\/em><\/strong><br>Havana Cha<br>The Drifter<br><br><strong><em>20:00<\/em><\/strong> <br>Ghost Town<br>Take Me Home<br>Rose From The Sea<br><br><strong><em>20:30<\/em><\/strong> <br>Damn!!!!!<br>Brokenhearted<br><br><strong><em>21:00<\/em><\/strong> <br>They Call Me The Breeze<br>Music To My Eyes<br><br><\/p>\n\n\n\n<p><\/p>\n","protected":false},"excerpt":{"rendered":"<p>Le mini bal du des vacances de f\u00e9vrier aura lieu Lundi prochain le 3 f\u00e9vrier 2020.Le th\u00e8me est : mardi gras. Avec ou sans d\u00e9guisement venez passer une agr\u00e9able soir\u00e9e ensembles. 19:00 Half A ChaTwist &amp; ShakeGirl Of The SummerLittle<span class=\"ellipsis\">&hellip;<\/span><\/p>\n<div class=\"read-more\"><a href=\"https:\/\/www.espacedanseboissy.fr\/blog\/?p=1519\">Lire la suite &#8250;<\/a><\/div>\n<p><!-- end of .read-more --><\/p>\n","protected":false},"author":3,"featured_media":0,"comment_status":"open","ping_status":"open","sticky":false,"template":"","format":"standard","meta":[],"categories":[1],"tags":[],"_links":{"self":[{"href":"https:\/\/www.espacedanseboissy.fr\/blog\/index.php?rest_route=\/wp\/v2\/posts\/1519"}],"collection":[{"href":"https:\/\/www.espacedanseboissy.fr\/blog\/index.php?rest_route=\/wp\/v2\/posts"}],"about":[{"href":"https:\/\/www.espacedanseboissy.fr\/blog\/index.php?rest_route=\/wp\/v2\/types\/post"}],"author":[{"embeddable":true,"href":"https:\/\/www.espacedanseboissy.fr\/blog\/index.php?rest_route=\/wp\/v2\/users\/3"}],"replies":[{"embeddable":true,"href":"https:\/\/www.espacedanseboissy.fr\/blog\/index.php?rest_route=%2Fwp%2Fv2%2Fcomments&post=1519"}],"version-history":[{"count":1,"href":"https:\/\/www.espacedanseboissy.fr\/blog\/index.php?rest_route=\/wp\/v2\/posts\/1519\/revisions"}],"predecessor-version":[{"id":1520,"href":"https:\/\/www.espacedanseboissy.fr\/blog\/index.php?rest_route=\/wp\/v2\/posts\/1519\/revisions\/1520"}],"wp:attachment":[{"href":"https:\/\/www.espacedanseboissy.fr\/blog\/index.php?rest_route=%2Fwp%2Fv2%2Fmedia&parent=1519"}],"wp:term":[{"taxonomy":"category","embeddable":true,"href":"https:\/\/www.espacedanseboissy.fr\/blog\/index.php?rest_route=%2Fwp%2Fv2%2Fcategories&post=1519"},{"taxonomy":"post_tag","embeddable":true,"href":"https:\/\/www.espacedanseboissy.fr\/blog\/index.php?rest_route=%2Fwp%2Fv2%2Ftags&post=1519"}],"curies":[{"name":"wp","href":"https:\/\/api.w.org\/{rel}","templated":true}]}}